{"id":8444,"date":"2022-08-24T11:06:50","date_gmt":"2022-08-24T11:06:50","guid":{"rendered":"https:\/\/site.astrofoto.com.pt\/welcome\/?p=8444"},"modified":"2022-08-24T14:57:14","modified_gmt":"2022-08-24T14:57:14","slug":"dark-sky-alqueva","status":"publish","type":"post","link":"https:\/\/site.astrofoto.com.pt\/welcome\/dark-sky-alqueva\/","title":{"rendered":"Dark Sky Alqueva"},"content":{"rendered":"<p>O Observat\u00f3rio oficial do Dark Sky\u00ae, localizado na Cumeada, sede do Dark Sky\u00ae Alqueva, est\u00e1 equipado com telesc\u00f3pios de vanguarda para observa\u00e7\u00e3o solar e astron\u00f3mica, que permitem uma experi\u00eancia visual \u00fanica desde planetas, \u00e0s crateras da Lua, passando pelo c\u00e9u mais profundo, com uma viagem c\u00f3smica por entre as nebulosas, gal\u00e1xias e enxames de estrelas que se erguem acima de um dos melhores c\u00e9us do mundo. A Sede do Dark Sky\u00ae Alqueva, oferece ainda uma grande variedade de actividades que permitem aliar \u00e0 observa\u00e7\u00e3o astron\u00f3mica, uma experi\u00eancia de sensa\u00e7\u00f5es e sabores incr\u00edvel, como relaxar ao p\u00f4r-do-sol e degustar um cocktail ou fazer uma prova cega de vinhos \u00e0 luz das estrelas. Trabalhamos ainda com parceiros especialistas noutras \u00e1reas, para construirmos pacotes especialmente desenhados para si, que lhe poder\u00e3o proporcionar dias inesquec\u00edveis desde o nascer do sol, at\u00e9 ao final da noite mais estrelada do Alentejo.<\/p>\n<p>\u25ba<a href=\"https:\/\/darkskyalqueva.com\/actividades-observatorio-darksky\/\">mais info<\/a><\/p>\n<p>\u25ba <a href=\"https:\/\/darkskyalqueva.com\/\">Geral<\/a><\/p>\n<p><strong>***** Desconto de 15% aos s\u00f3cios da APAA<\/strong><\/p>\n\n\n\n\n\n\n\n\n\n","protected":false},"excerpt":{"rendered":"<p>O Observat\u00f3rio oficial do Dark Sky\u00ae, localizado na Cumeada, sede do Dark Sky\u00ae Alqueva, est\u00e1 equipado com telesc\u00f3pios de vanguarda para observa\u00e7\u00e3o solar e astron\u00f3mica, que permitem uma experi\u00eancia visual \u00fanica desde planetas, \u00e0s crateras da Lua, passando pelo c\u00e9u mais profundo, com uma viagem c\u00f3smica por entre as nebulosas, gal\u00e1xias e enxames de estrelas<\/p>\n<div class=\"more-link\">\n\t\t\t\t <a href=\"https:\/\/site.astrofoto.com.pt\/welcome\/dark-sky-alqueva\/\" class=\"btn theme-btn inverted\"><span>Continuar a Ler <\/span><\/a>\n\t\t\t<\/div>\n","protected":false},"author":1,"featured_media":8446,"comment_status":"closed","ping_status":"open","sticky":false,"template":"","format":"standard","meta":{"footnotes":""},"categories":[73,70],"tags":[],"class_list":["post-8444","post","type-post","status-publish","format-standard","has-post-thumbnail","hentry","category-cursos","category-observacoes"],"_links":{"self":[{"href":"https:\/\/site.astrofoto.com.pt\/welcome\/wp-json\/wp\/v2\/posts\/8444","targetHints":{"allow":["GET"]}}],"collection":[{"href":"https:\/\/site.astrofoto.com.pt\/welcome\/wp-json\/wp\/v2\/posts"}],"about":[{"href":"https:\/\/site.astrofoto.com.pt\/welcome\/wp-json\/wp\/v2\/types\/post"}],"author":[{"embeddable":true,"href":"https:\/\/site.astrofoto.com.pt\/welcome\/wp-json\/wp\/v2\/users\/1"}],"replies":[{"embeddable":true,"href":"https:\/\/site.astrofoto.com.pt\/welcome\/wp-json\/wp\/v2\/comments?post=8444"}],"version-history":[{"count":6,"href":"https:\/\/site.astrofoto.com.pt\/welcome\/wp-json\/wp\/v2\/posts\/8444\/revisions"}],"predecessor-version":[{"id":8453,"href":"https:\/\/site.astrofoto.com.pt\/welcome\/wp-json\/wp\/v2\/posts\/8444\/revisions\/8453"}],"wp:featuredmedia":[{"embeddable":true,"href":"https:\/\/site.astrofoto.com.pt\/welcome\/wp-json\/wp\/v2\/media\/8446"}],"wp:attachment":[{"href":"https:\/\/site.astrofoto.com.pt\/welcome\/wp-json\/wp\/v2\/media?parent=8444"}],"wp:term":[{"taxonomy":"category","embeddable":true,"href":"https:\/\/site.astrofoto.com.pt\/welcome\/wp-json\/wp\/v2\/categories?post=8444"},{"taxonomy":"post_tag","embeddable":true,"href":"https:\/\/site.astrofoto.com.pt\/welcome\/wp-json\/wp\/v2\/tags?post=8444"}],"curies":[{"name":"wp","href":"https:\/\/api.w.org\/{rel}","templated":true}]}}