{"id":10310,"date":"2025-06-20T11:51:26","date_gmt":"2025-06-20T11:51:26","guid":{"rendered":"https:\/\/site.astrofoto.com.pt\/welcome\/?p=10310"},"modified":"2025-07-01T13:47:59","modified_gmt":"2025-07-01T13:47:59","slug":"astrofesta-2025-em-constancia-1-e-2-de-agosto","status":"publish","type":"post","link":"https:\/\/site.astrofoto.com.pt\/welcome\/astrofesta-2025-em-constancia-1-e-2-de-agosto\/","title":{"rendered":"Astrofesta 2025 em Const\u00e2ncia 1, 2 e 3 de Agosto"},"content":{"rendered":"<p><strong>Astrofesta 2025 em Const\u00e2ncia 1, 2 e 3 de Agosto<\/strong><\/p>\n<p><strong>01 agosto &#8211; 6\u00aa feira<\/strong><br \/>\nA partir das 17:30 Acolhimento dos participantes e instala\u00e7\u00e3o de tendas no parque de apoio.<br \/>\n21:30 &#8211; 24:00<br \/>\nObserva\u00e7\u00f5es Astron\u00f3micas | CCVC<\/p>\n<p><strong>02 agosto &#8211; s\u00e1bado<\/strong><br \/>\n10:00 &#8211; 13:00<br \/>\nMini Curso &#8211; Introdu\u00e7\u00e3o \u00e0 Astronomia | M\u00e1ximo Ferreira, CCVC *<br \/>\n*gratuito e inscri\u00e7\u00e3o obrigat\u00f3ria atrav\u00e9s do info@constancia.cienciaviva.pt)<br \/>\n11:00<br \/>\nAtividade: Laborat\u00f3rio de Heliof\u00edsica &#8211; Manchas, protuber\u00e2ncias e espetro solar | CCVC<br \/>\n15:00<br \/>\nAtividade: Sess\u00e3o de Planet\u00e1rio | CCVC<br \/>\n15:30 &#8211; Sess\u00e3o oficial de abertura<br \/>\n16:00<br \/>\nCiclo de palestras (em elabora\u00e7\u00e3o)<br \/>\n16:00<br \/>\nPalestra: Miss\u00e3o a JUICE &#8211; A caminho de J\u00fapiter &#8211; Pedro Machado | IA\/FCUL<br \/>\n16:00<br \/>\nAtividade: Laborat\u00f3rio de Heliof\u00edsica &#8211; Manchas, protuber\u00e2ncias e espetro solar | CCVC<br \/>\n16:00<br \/>\nAtividade: Visita \u00e0 exposi\u00e7\u00e3o F\u00edsica do Voo | CCVC<br \/>\n16:45<br \/>\nPalestra: Eclipse do Sol &#8211; M\u00e1ximo Ferreira | CCVC<br \/>\n16:45<br \/>\nWorkshop para crian\u00e7as: Lan\u00e7amento do foguet\u00e3o | CCVC<br \/>\n17:30<br \/>\nPalestra: Observa\u00e7\u00f5es do Sol &#8211; Pedro R\u00e9 | APAA \/ FCUL<br \/>\n17:30<br \/>\nAtividade: Sess\u00e3o de planet\u00e1rio | CCVC<br \/>\n18:15<br \/>\nPalestra: a designar<br \/>\n18:15<br \/>\nAtividade: Visita \u00e0 exposi\u00e7\u00e3o F\u00edsica do Voo | CCVC<br \/>\n19:00<br \/>\nPalestra: A designar<br \/>\n19:45 Intervalo para jantar<br \/>\n21:00<br \/>\nPalestra: T\u00edtulo a indicar &#8211; Rui Louren\u00e7o | APAA<br \/>\n21:45<br \/>\nPalestra: A designar<br \/>\n21:45<br \/>\nIn\u00edcio das Observa\u00e7\u00f5es Astron\u00f3micas<br \/>\n21:45<br \/>\nUm passeio pelos c\u00e9us | M\u00e1ximo Ferreira, CCVC<\/p>\n<p>\u25baPara mais informa\u00e7\u00f5es: info@constancia.cienciaviva.pt | 249739066<br \/>\n<a href=\"https:\/\/constancia.cienciaviva.pt\/14371\/xxx-astrofesta\">\u25bahttps:\/\/constancia.cienciaviva.pt\/14371\/xxx-astrofesta<\/a><\/p>\n<ul>\n<li><strong>O local das apresenta\u00e7\u00f5es ser\u00e1 no Anfiteatro R\u00f3mulo de Carvalho\u00a0 (220 lugares), dentro das instala\u00e7\u00f5es do Centro Ci\u00eancia Viva de Const\u00e2ncia (CCVC)<\/strong><\/li>\n<li><strong>O local das Observa\u00e7\u00f5es estar\u00e1 dispon\u00edvel dentro das instala\u00e7\u00f5es do Centro Ci\u00eancia Viva de Const\u00e2ncia, onde existem pontos de energia el\u00e9trica para a instala\u00e7\u00e3o dos telesc\u00f3pios e locais de estacionamento de viaturas, em parques e arruamentos cont\u00edguos ao CCVC<\/strong><\/li>\n<li><strong>Existe Parque de Campismo (com WC e duches\/quente\/frio) em espa\u00e7o cont\u00edguo ao CCVC &#8211; <\/strong><strong>gratuito durante a Astrofesta<\/strong><\/li>\n<li><strong>Refei\u00e7\u00f5es ligeiras e bebidas dispon\u00edveis para venda<\/strong><\/li>\n<li><strong>Existe ainda uma oferta variada de alojamento em Const\u00e2ncia<\/strong><\/li>\n<\/ul>\n","protected":false},"excerpt":{"rendered":"<p>Astrofesta 2025 em Const\u00e2ncia 1, 2 e 3 de Agosto 01 agosto &#8211; 6\u00aa feira A partir das 17:30 Acolhimento dos participantes e instala\u00e7\u00e3o de tendas no parque de apoio. 21:30 &#8211; 24:00 Observa\u00e7\u00f5es Astron\u00f3micas | CCVC 02 agosto &#8211; s\u00e1bado 10:00 &#8211; 13:00 Mini Curso &#8211; Introdu\u00e7\u00e3o \u00e0 Astronomia | M\u00e1ximo Ferreira, CCVC *<\/p>\n<div class=\"more-link\">\n\t\t\t\t <a href=\"https:\/\/site.astrofoto.com.pt\/welcome\/astrofesta-2025-em-constancia-1-e-2-de-agosto\/\" class=\"btn theme-btn inverted\"><span>Continuar a Ler <\/span><\/a>\n\t\t\t<\/div>\n","protected":false},"author":1,"featured_media":10316,"comment_status":"closed","ping_status":"open","sticky":false,"template":"","format":"standard","meta":{"footnotes":""},"categories":[73,70],"tags":[],"class_list":["post-10310","post","type-post","status-publish","format-standard","has-post-thumbnail","hentry","category-cursos","category-observacoes"],"_links":{"self":[{"href":"https:\/\/site.astrofoto.com.pt\/welcome\/wp-json\/wp\/v2\/posts\/10310","targetHints":{"allow":["GET"]}}],"collection":[{"href":"https:\/\/site.astrofoto.com.pt\/welcome\/wp-json\/wp\/v2\/posts"}],"about":[{"href":"https:\/\/site.astrofoto.com.pt\/welcome\/wp-json\/wp\/v2\/types\/post"}],"author":[{"embeddable":true,"href":"https:\/\/site.astrofoto.com.pt\/welcome\/wp-json\/wp\/v2\/users\/1"}],"replies":[{"embeddable":true,"href":"https:\/\/site.astrofoto.com.pt\/welcome\/wp-json\/wp\/v2\/comments?post=10310"}],"version-history":[{"count":4,"href":"https:\/\/site.astrofoto.com.pt\/welcome\/wp-json\/wp\/v2\/posts\/10310\/revisions"}],"predecessor-version":[{"id":10337,"href":"https:\/\/site.astrofoto.com.pt\/welcome\/wp-json\/wp\/v2\/posts\/10310\/revisions\/10337"}],"wp:featuredmedia":[{"embeddable":true,"href":"https:\/\/site.astrofoto.com.pt\/welcome\/wp-json\/wp\/v2\/media\/10316"}],"wp:attachment":[{"href":"https:\/\/site.astrofoto.com.pt\/welcome\/wp-json\/wp\/v2\/media?parent=10310"}],"wp:term":[{"taxonomy":"category","embeddable":true,"href":"https:\/\/site.astrofoto.com.pt\/welcome\/wp-json\/wp\/v2\/categories?post=10310"},{"taxonomy":"post_tag","embeddable":true,"href":"https:\/\/site.astrofoto.com.pt\/welcome\/wp-json\/wp\/v2\/tags?post=10310"}],"curies":[{"name":"wp","href":"https:\/\/api.w.org\/{rel}","templated":true}]}}